{"id":769,"date":"2017-10-03T13:18:21","date_gmt":"2017-10-03T11:18:21","guid":{"rendered":"https:\/\/energieladen.lekker.de\/?p=769"},"modified":"2020-06-05T13:45:38","modified_gmt":"2020-06-05T11:45:38","slug":"heinsberg-auch-die-kleinen-cities-koennen-smart","status":"publish","type":"post","link":"https:\/\/www.lekker.de\/energieladen\/heinsberg-auch-die-kleinen-cities-koennen-smart\/","title":{"rendered":"Heinsberg: Die Stadt der Zukunft liegt auf dem Land"},"content":{"rendered":"<body><p><b>Dass nicht nur Gro\u00dfst\u00e4dte mit innovativen Konzepten aufwarten k\u00f6nnen, beweist Heinsberg. Die Stadt kann mit ihren 40.000 Einwohnern unter anderem eine eigene Klimaschutzsiedlung, ein E-Lades\u00e4ulennetz und ein Brennstoffzellenprojekt vorweisen. Wir haben uns mit lekker Marketing Manager Ingo Jennissen in Heinsberg \u00fcber die Idee einer kleinen Stadt der Zukunft unterhalten.<\/b><\/p>\n<p>St\u00e4dte r\u00fcsten sich f\u00fcr eine nachhaltige Zukunft, um das Leben sp\u00e4terer Generationen abzusichern und die Gegenwart besser zu machen. Bekannt sind dabei Beispiele wie Berlin, Hamburg oder Kopenhagen. Sie versuchen mit gro\u00dfangelegten Initiativen einen Wandel hin zu einem nachhaltigen, urbanen Leben mithilfe von effizienter Technologie sowie F\u00f6rderung einer aktiven Zivilgesellschaft voranzutreiben.<\/p>\n<p><a class=\"html__banner--desktop\" href=\"https:\/\/energie.lekker.de\" target=\"_blank\" rel=\"external noreferrer noopener\"><img decoding=\"async\" class=\"aligncenter\" src=\"https:\/\/www.lekker.de\/energieladen\/wp-content\/uploads\/2020\/02\/hiergibtes%C3%B6kostrom_Lekker_Standard_Blog_Banner_Desktop_980x180_Inline.png\" alt=\"lekker Strom Tarif berechnen\" width=\"772\" height=\"100\" border=\"0\" title=\"\"><\/a><\/p>\n<p><a class=\"html__banner--mobile\" href=\"https:\/\/energie.lekker.de\" target=\"_blank\" rel=\"external noreferrer noopener\"><img class=\"aligncenter\"><img decoding=\"async\" src=\"https:\/\/www.lekker.de\/energieladen\/wp-content\/uploads\/2020\/02\/hiergibtes%C3%B6kostrom_Lekker_Standard_Blog_Banner_Mobile_300x250_Inline.png\" alt=\"lekker Strom Tarif berechnen\" border=\"0\" title=\"\"><\/a><\/p>\n<p>In Deutschland geht die Idee der \u201eSmart City\u201c auf Wolfgang Tiefensee, den ehemaligen Oberb\u00fcrgermeister der Stadt Leipzig zur\u00fcck. Mit der Leipziger Charta lie\u00df dieser ein Konzept zur Entwicklung der nachhaltigen europ\u00e4ischen Stadt der Zukunft entwickeln. Und im Zuge dessen haben deutsche Gro\u00dfst\u00e4dte deutlich nachgezogen und eigene Konzepte entwickelt, die Energieerzeugung, <a href=\"https:\/\/www.lekker.de\/energieladen\/lastenraeder-auf-der-e-holspur\/\">Mobilit\u00e4t<\/a> und Architektur deutlich effizienter und nachhaltiger gestalten sollen. Und zwar sehr eng zusammen mit der Bev\u00f6lkerung.<\/p>\n<h2>Auch Kleinst\u00e4dte m\u00fcssen und wollen nachhaltig werden<\/h2>\n<p>Schon lange wurde die Kritik in diesem Zusammenhang laut, dass Kleinst\u00e4dte und l\u00e4ndliche Gegenden bei solchen gro\u00df angelegten Ans\u00e4tzen gerne in Vergessenheit geraten. Doch es gibt eine Vielzahl an Beispielen, an denen auch kleinere Orte eine beispielhafte Zusammenarbeit von Politik, Zivilgesellschaft und Privatwirtschaft vorleben.<\/p>\n<p>Ingo Jennissen arbeitet und lebt in Heinsberg, direkt an der holl\u00e4ndischen Grenze, etwa eine Stunde von K\u00f6ln entfernt. Hier befindet sich auch die Gesch\u00e4ftsstelle von lekker Energie neben dem Hauptsitz in Berlin. Das Unternehmen hat zusammen mit anderen lokalen Akteuren wie dem Netzbetreiber Alliander, der Volksbank Heinsberg dem Bauunternehmen Frauenrath, der Stadtverwaltung, der Werbeagentur Minkenberg Medien und vielen weiteren Akteuren selbst eine eigene <a href=\"http:\/\/www.heinsberg-smartcity.de\" target=\"_blank\" rel=\"external noreferrer noopener\">Smart City-Initiative<\/a> ins Leben gerufen.<\/p>\n<p>Ingos Ansicht nach bedeutet smart \u201calles, was zu einem besseren Leben in einer Community beitr\u00e4gt\u201d und das kann sehr vieles sein: \u201cDigitalisierungsl\u00f6sungen oder k\u00fcnstliche Intelligenz und Technologien, die auf Nachhaltigkeit und regenerative Energien setzen, etwa bei Mobilit\u00e4t, Wohnen, Soziales oder Energie-Speicherung\u201d.<\/p>\n<h2>Die Initiative b\u00fcndelt Vorhaben der Stadtbewohner<\/h2>\n<p>In Heinsberg sind aus dem Zusammenschluss der lokalen Akteure und B\u00fcrger bereits erstaunliche Projekte entstanden. Es gibt <a href=\"http:\/\/www.heinsberg-smartcity.de\/smart-mobility\/alliander-baut-ladesaeuleninfrastruktur-fuer-e-fahrzeuge-aus\/\" target=\"_blank\" rel=\"external noreferrer noopener\">e-Lades\u00e4ulen f\u00fcr Elektroautos<\/a> und <a href=\"http:\/\/www.heinsberg-smartcity.de\/smart-energy\/neue-energie-fuer-heinsberg-werden-sie-mitglied-bei-der-buergerwindenergie-heinsberg\/\" target=\"_blank\" rel=\"external noreferrer noopener\">Windr\u00e4der, die in einer gemeinsamen Genossenschaft betrieben werden<\/a>. In einer Kooperation mit dem Unternehmen Solid Power und der Heinsberger Volksbank wurden <a href=\"https:\/\/www.lekker.de\/energieladen\/energie-der-zukunft-warum-oekostrom-immer-guenstiger-wird\/\">Mini-Kraftwerke<\/a> f\u00fcr den privaten oder gewerblichen Einsatz verf\u00fcgbar gemacht. Mithilfe von <a href=\"http:\/\/www.heinsberg-smartcity.de\/smart-energy\/brennstoffzellen-initiative-heinsberg\/\" target=\"_blank\" rel=\"external noreferrer noopener\">Brennstoffzellen-Technologie<\/a> k\u00f6nnen im Jahr 13.000 Kilowattstunden Strom und 5.200 Kilowattstunden W\u00e4rme erzeugt werden. Nicht nur l\u00e4sst sich so das Stromnetz dezentralisieren. Es kommt auch zu gewaltigen <span class=\"_Xbe kno-fv\">CO<sub>2-<\/sub><\/span>Einsparungen.<\/p>\n<p>Dass diese Einsparungen aber statt eines Einbruches an Lebensqualit\u00e4t eher zu einer neuen, besseren f\u00fchren k\u00f6nnen, beweisen die zusammenstehenden Geb\u00e4ude, welche die Initiative als <a href=\"http:\/\/www.heinsberg-smartcity.de\/smart-living\/klimaschutzsiedlung-wohnenplus-heinsberg\/\" target=\"_blank\" rel=\"external noreferrer noopener\">Klimaschutzsiedlungen<\/a> bezeichnet. In einem Konzept aus zeitloser Architektur sowie moderner, energiesparender Bauweise und Technologie sollen gute Nachbarschaft und generations\u00fcbergreifendes Zusammenleben mit Nachhaltigkeit kombiniert werden.<\/p>\n<p>Das Besondere ist, dass Heinsberg dabei nicht ausschlie\u00dflich auf Technik setzt und die Energiewende vorantreibt. Die B\u00fcrger sollen bei alledem nicht vergessen werden.<\/p>\n<p>Durch aktives Zugehen auf die Menschen in Heinsberg werden Probleme schnell klar und Mitstreiter f\u00fcr weitere lokale Initiativen gefunden. Auf diese Weise k\u00f6nnen unter B\u00fcrgern Synergien aufgedeckt werden, von denen man gegenseitig profitiert. Etwa, wenn einzelne Menschen \u00e4hnliche Vorhaben hegen. Dazu geh\u00f6rt zum Beispiel die Installation von Solaranlagen auf D\u00e4chern. \u201cDie bringen wir zusammen.\u201d, sagt Ingo, \u201cgemeinsam k\u00f6nnen sich Interessenten doch viel besser informieren und g\u00fcnstiger einkaufen als jeder f\u00fcr sich.\u201d.<\/p>\n<h2>\u201cWir stehen erst am Anfang\u201d<\/h2>\n<p>Laut Jennissen steht die Bewegung der Smart Cities erst am Anfang, gerade bei den Potenzialen der Digitalisierung. Eine Einsch\u00e4tzung, die auch andere teilen. Im <a href=\"https:\/\/www.wired.de\/collection\/tech\/smart-cities-digitalisierung-deutschland\" target=\"_blank\" rel=\"external noreferrer noopener\">Gespr\u00e4ch<\/a> mit dem Magazin \u201cWIRED\u201d sagt der KPMG-Analyst Nicolas Sonder:<\/p>\n<blockquote><p>\u201cWir k\u00f6nnen es uns nicht leisten, den digitalen Wandel zu verschlafen. Deutsche Kommunen w\u00fcrden den eigenen Datenbedarf und den ihrer B\u00fcrger und Unternehmen nicht mehr in den Griff bekommen. Unternehmensabwanderungen und die Schw\u00e4chung der Wirtschaftsstandorte d\u00fcrften die Folge sein. Au\u00dferdem w\u00e4re mit einer weiteren Zuspitzung des demografischen Wandels zu rechnen, da immer mehr Menschen in die wenigen Smart Cities ziehen w\u00fcrden.\u201d<\/p><\/blockquote>\n<p><div class=\"youtube-placeholder\" data-youtube-id=\"7DZOXH6oO70?feature=oembed\">\n    <div class=\"uc-embedding-wrapper\">\n        <p class=\"h3\"><i class=\"bi bi-youtube\"><\/i> Wir ben\u00f6tigen Ihre Zustimmung, um hier Videos anzuzeigen!<\/p>\n        <p class=\"beschreibung-text\">Wir benutzen YouTube als Drittanbietersoftware, um Ihnen an dieser Stelle Videos pr\u00e4sentieren zu k\u00f6nnen. Mit Klick auf \"Akzeptieren\" stimmen Sie der Datenverarbeitung durch YouTube zu.<\/p>\n        <div class=\"uc-embedding-buttons\">\n            <!-- __ucCmp.showServiceDetails(\"BJz7qNsdj-7\") --->\n            <button ontouchstart=\"__ucCmp.showServiceDetails('BJz7qNsdj-7')\" onclick=\"__ucCmp.showServiceDetails('BJz7qNsdj-7')\" class=\"uc-embedding-more-info\"><i class=\"bi bi-info-circle\"><\/i> Mehr Information<\/button>\n            <!-- UC_UI.showSecondLayer('BJz7qNsdj-7'); -->\n            <button ontouchstart=\"__ucCmp.updateServicesConsents([{id: 'BJz7qNsdj-7', consent: true}]); __ucCmp.saveConsents();\" onclick=\"__ucCmp.updateServicesConsents([{id: 'BJz7qNsdj-7', consent: true}]); __ucCmp.saveConsents();\" class=\"uc-embedding-accept\"><i class=\"bi bi-check2-circle\"><\/i> Akzeptieren<\/button>\n        <\/div>\n        <span><\/span>\n    <\/div>\n<\/div><\/p>\n<p>Vorbild in Sachen Digitalisierung ist f\u00fcr viele St\u00e4dte die estnische Hauptstadt Tallinn. Trotz ihres mittelalterlichen Ambientes und geringer Stadtgr\u00f6\u00dfe kann diese zu Recht stolz darauf sein, \u00fcber eine papierlose Regierung und kostenlosen Nahverkehr mit Robotersteuerung zu verf\u00fcgen. Sie wird oft als Stadt der Zukunft bezeichnet, wenn europ\u00e4ische Politiker nach einer Referenz suchen.<\/p>\n<p>\u201cDie allt\u00e4glichen Bed\u00fcrfnisse zwischen den Menschen in Metropolen und der Peripherie unterscheiden sich.\u201d meint Ingo dazu. Seiner Ansicht nach stehen im Vergleich zu Gro\u00dfst\u00e4dten wie Berlin mit seinem Ausbau moderner Mobilit\u00e4tskonzepte vor allem Themen wie der Ausbau des Breitbandinternets in l\u00e4ndlichen Gegenden im Vordergrund. Erst dann kann man sich mit weiteren Ans\u00e4tzen umfassender Digitalisierung \u00fcberhaupt besch\u00e4ftigen.<\/p>\n<p>Smart City ist Pionierarbeit, die manchmal bel\u00e4chelt wird. Dabei k\u00f6nnen wir unsere Zukunft selbst mitgestalten. Mit smarten Ideen und Menschen, die sie umsetzen. Denn eines ist f\u00fcr Ingo ganz klar: \u201cGemeinsam ist man st\u00e4rker!\u201d<\/p>\n<p><a class=\"html__banner--desktop\" href=\"https:\/\/energie.lekker.de\" target=\"_blank\" rel=\"external noreferrer noopener\"><img decoding=\"async\" class=\"aligncenter\" src=\"https:\/\/www.lekker.de\/energieladen\/wp-content\/uploads\/2020\/02\/Lekker_Standard_Blog_Banner_Desktop_980x180_Footer.jpg\" alt=\"lekker Strom Tarif berechnen\" width=\"772\" height=\"100\" border=\"0\" title=\"\"><\/a><\/p>\n<p><a class=\"html__banner--mobile\" href=\"https:\/\/energie.lekker.de\" target=\"_blank\" rel=\"external noreferrer noopener\"><img class=\"aligncenter\"><img decoding=\"async\" src=\"https:\/\/www.lekker.de\/energieladen\/wp-content\/uploads\/2020\/02\/Lekker_Standard_Blog_Banner_Mobile_300x250_Footer.jpg\" alt=\"lekker Strom Tarif berechnen\" border=\"0\" title=\"\"><\/a><\/p>\n<\/body>","protected":false},"excerpt":{"rendered":"<p>So macht es eine Kleinstadt an der holl\u00e4ndischen Grenze den gro\u00dfen Smart Cities vor, wie Beteiligung und Technologie morgen aussehen kann.<\/p>\n","protected":false},"author":13,"featured_media":770,"comment_status":"open","ping_status":"open","sticky":false,"template":"","format":"standard","meta":{"_acf_changed":false,"footnotes":""},"categories":[9],"tags":[27,42,23,36,43,29],"class_list":["post-769","post","type-post","status-publish","format-standard","has-post-thumbnail","hentry","category-hauspost","tag-energie","tag-mobilitaet","tag-nachbarn","tag-nachhaltigkeit","tag-stadt","tag-zukunft"],"acf":[],"_links":{"self":[{"href":"https:\/\/www.lekker.de\/energieladen\/wp-json\/wp\/v2\/posts\/769","targetHints":{"allow":["GET"]}}],"collection":[{"href":"https:\/\/www.lekker.de\/energieladen\/wp-json\/wp\/v2\/posts"}],"about":[{"href":"https:\/\/www.lekker.de\/energieladen\/wp-json\/wp\/v2\/types\/post"}],"author":[{"embeddable":true,"href":"https:\/\/www.lekker.de\/energieladen\/wp-json\/wp\/v2\/users\/13"}],"replies":[{"embeddable":true,"href":"https:\/\/www.lekker.de\/energieladen\/wp-json\/wp\/v2\/comments?post=769"}],"version-history":[{"count":0,"href":"https:\/\/www.lekker.de\/energieladen\/wp-json\/wp\/v2\/posts\/769\/revisions"}],"wp:featuredmedia":[{"embeddable":true,"href":"https:\/\/www.lekker.de\/energieladen\/wp-json\/wp\/v2\/media\/770"}],"wp:attachment":[{"href":"https:\/\/www.lekker.de\/energieladen\/wp-json\/wp\/v2\/media?parent=769"}],"wp:term":[{"taxonomy":"category","embeddable":true,"href":"https:\/\/www.lekker.de\/energieladen\/wp-json\/wp\/v2\/categories?post=769"},{"taxonomy":"post_tag","embeddable":true,"href":"https:\/\/www.lekker.de\/energieladen\/wp-json\/wp\/v2\/tags?post=769"}],"curies":[{"name":"wp","href":"https:\/\/api.w.org\/{rel}","templated":true}]}}