{"id":750,"date":"2018-01-16T21:12:46","date_gmt":"2018-01-16T20:12:46","guid":{"rendered":"https:\/\/energieladen.lekker.de\/?p=750"},"modified":"2020-06-05T13:38:42","modified_gmt":"2020-06-05T11:38:42","slug":"lichterfeste-warum-wir-die-staedte-zum-leuchten-bringen","status":"publish","type":"post","link":"https:\/\/www.lekker.de\/energieladen\/lichterfeste-warum-wir-die-staedte-zum-leuchten-bringen\/","title":{"rendered":"Lichterfeste 2018: Warum wir die St\u00e4dte zum Leuchten bringen"},"content":{"rendered":"<body><p><b>Gegen Ende des Sommers finden in vielen St\u00e4dten Deutschlands Lichterfeste statt. H\u00e4user und Stra\u00dfen h\u00fcllen sich pl\u00f6tzlich in stimmungsvolles Licht und in manchen Orten ziehen Menschen mit Lampions umher. Woher kommt die Faszination von Lichterfesten? <\/b><\/p>\n<p>Wenn heute in vielen St\u00e4dten ber\u00fchmte Geb\u00e4ude in atemberaubenden Farben erstrahlen und wir uns in einer nicht weit entfernten Zukunft w\u00e4hnen, befinden wir uns in Wirklichkeit auf einer Linie mit uralten Traditionen.<\/p>\n<p><a href=\"https:\/\/www.lekker.de\/privatkunden\/der-richtige\"><img decoding=\"async\" class=\"aligncenter\" src=\"https:\/\/www.lekker.de\/energieladen\/wp-content\/uploads\/2018\/09\/20180910-LEK-Blog-Banner_damit-es-bei-dir-zu-hause-richtig-leuchtet.png\" alt=\"lekker Strom Tarif berechnen\" width=\"772\" height=\"100\" border=\"0\" title=\"\"><\/a><\/p>\n<h2>Mit Lampions durch die Stra\u00dfen<\/h2>\n<p>Lichterfeste haben einen religi\u00f6sen Ursprung und gehen auf Laternenumz\u00fcge zur\u00fcck. Der erste dieser Art fand laut Kirchengeschichte einem Mann zu Ehren statt, der einem frierenden Bettler seinen Mantel gab. Daraufhin sollte er zum Bischof ernannt werden, was dieser jedoch ablehnte und sich der Legende nach in einem G\u00e4nsestall versteckte. Dort aber wurde er f\u00fcr einen Dieb gehalten und musste weiter fliehen. Nat\u00fcrlich hatte sich aber bereits eine Fangemeinde gebildet, die ihn auf der Flucht traf und mit einem Fackelzug zu seinem Haus begleitete. Man nannte ihn den Heiligen Martin und seitdem ziehen viele Menschen in Gedenken an ihn am 11. November mit Lampions durch die Stra\u00dfen.<\/p>\n<p>Doch unser Bed\u00fcrfnis, die winterliche K\u00e4lte und Dunkelheit in <a href=\"https:\/\/www.lekker.de\/energieladen\/diy-in-wenigen-schritten-zur-eigenen-designerlampe\/\">gem\u00fctlich strahlende W\u00e4rme<\/a> umzuwandeln, treibt weitere Bl\u00fcten. Zu Weihnachten werden Balkone und Stra\u00dfenz\u00fcge beleuchtet und auch in anderen Religionsgemeinschaften werden Feste mit Lichtern gefeiert. Das j\u00fcdische Chanukka hei\u00dft \u00fcbersetzt nichts anderes als Lichterfest. Hier wird ein achtarmiger Leuchter jeden Tag um ein L\u00e4mpchen heller, w\u00e4hrend der Tradition nach alle Arbeiten ruhen sollen.<\/p>\n<h2>Festivals der Freiheit und der Sch\u00f6nheit<\/h2>\n<p>In gro\u00dfen St\u00e4dten hat sich in den letzten Jahren der Trend hin zu gro\u00dfen Lichtinstallationen und Projektionen hin entwickelt. Oft erinnern sie an historische Ereignisse oder sollen einfach nur daf\u00fcr sorgen, dass die Bewohner und Besucher der Stadt trotz des mitunter schlechten Wetters und den k\u00fcrzeren Tagen mal wieder einen Fu\u00df vor die T\u00fcr setzen.<\/p>\n<p>Zu den bekanntesten Lichterfesten in Deutschland, die oft zwischen Oktober und November stattfinden, geh\u00f6rt die N\u00fcrnberger Blaue Nacht, die K\u00f6lner Lichter, und das Festival of Lights in Berlin.<\/p>\n<p>https:\/\/www.instagram.com\/p\/BYvM712l2q3\/<\/p>\n<p>Allen dieser modernen Feste ist gemein, dass Unternehmen und K\u00fcnstler sich zusammentun, um besondere Geb\u00e4ude der Stadt in ein neues Licht zu h\u00fcllen. Zelebriert wird die Sch\u00f6nheit und Bewohnern und Touristen bekommen einen neuen Blick auf das Panorama geboten.<\/p>\n<h2>Berlin leuchtet<\/h2>\n<p>Das Berlin gleich zwei gro\u00dfe Lichterfeste auf dem Programm stehen hat, d\u00fcrfte f\u00fcr alle ein gro\u00dfer Grund zur Freude sein. Seit 2013 gibt es neben dem Festival of Lights in der deutschen Hauptstadt das 17-t\u00e4gige <a href=\"http:\/\/berlin-leuchtet.com\/\" target=\"_blank\" rel=\"external noreferrer noopener\"><i>Berlin leuchtet<\/i><\/a>. Hier werden fast 500 Geb\u00e4ude der Stadt mit modernsten Formen der Lichtkunst von internationalen K\u00fcnstlern und Designern in Szene gesetzt. 2018 findet das Festival bereits zum f\u00fcnften Mal statt. Zwischen 28. September und 14. Oktober findet es statt.<\/p>\n<p>Zu Zeiten, in denen der gesellschaftliche Zusammenhalt auf die Probe gestellt scheint, ist das eine wichtige Botschaft. Die Veranstalter des eingetragenen Vereins hinter dem Festival, der unter anderem auch von lekker Energie gef\u00f6rdert wird, bedeutet die gelebte Toleranz und Freiheit Berlins sehr viel. Mit dem Festival soll das ordentlich gefeiert werden.<\/p>\n<p><div class=\"youtube-placeholder\" data-youtube-id=\"GMiTLJuk0ls?feature=oembed\">\n    <div class=\"uc-embedding-wrapper\">\n        <p class=\"h3\"><i class=\"bi bi-youtube\"><\/i> Wir ben\u00f6tigen Ihre Zustimmung, um hier Videos anzuzeigen!<\/p>\n        <p class=\"beschreibung-text\">Wir benutzen YouTube als Drittanbietersoftware, um Ihnen an dieser Stelle Videos pr\u00e4sentieren zu k\u00f6nnen. Mit Klick auf \"Akzeptieren\" stimmen Sie der Datenverarbeitung durch YouTube zu.<\/p>\n        <div class=\"uc-embedding-buttons\">\n            <!-- __ucCmp.showServiceDetails(\"BJz7qNsdj-7\") --->\n            <button ontouchstart=\"__ucCmp.showServiceDetails('BJz7qNsdj-7')\" onclick=\"__ucCmp.showServiceDetails('BJz7qNsdj-7')\" class=\"uc-embedding-more-info\"><i class=\"bi bi-info-circle\"><\/i> Mehr Information<\/button>\n            <!-- UC_UI.showSecondLayer('BJz7qNsdj-7'); -->\n            <button ontouchstart=\"__ucCmp.updateServicesConsents([{id: 'BJz7qNsdj-7', consent: true}]); __ucCmp.saveConsents();\" onclick=\"__ucCmp.updateServicesConsents([{id: 'BJz7qNsdj-7', consent: true}]); __ucCmp.saveConsents();\" class=\"uc-embedding-accept\"><i class=\"bi bi-check2-circle\"><\/i> Akzeptieren<\/button>\n        <\/div>\n        <span><\/span>\n    <\/div>\n<\/div><\/p>\n<h2>Die sch\u00f6nsten Lichterfeste in Deutschland<\/h2>\n<p>Doch niemand soll glauben, dass nur die Hauptstadt imstande ist, Sch\u00f6nheit und Freiheit mit gro\u00dfen Festivals der Beleuchtung zu feiern! Wir haben f\u00fcr dich eine Karte der spannendsten Lichterfeste in ganz Deutschland erstellt. Download im Posterformat nach dem Klick!<\/p>\n<p>Wir w\u00fcnschen erleuchtende Momente.<\/p>\n<figure id=\"attachment_1974\" aria-describedby=\"caption-attachment-1974\" style=\"width: 776px\" class=\"wp-caption alignnone\"><a href=\"https:\/\/www.lekker.de\/energieladen\/wp-content\/uploads\/2018\/06\/lekker_Energie_Lichterfeste_2018.pdf\"><img decoding=\"async\" class=\"wp-image-1974 size-large\" src=\"https:\/\/www.lekker.de\/energieladen\/wp-content\/uploads\/2017\/09\/lekker_Energie_Lichterfeste_2018-776x1080.jpg\" alt=\"Lichterfeste 2018 in Deutschland\" width=\"776\" height=\"1080\" title=\"\" srcset=\"https:\/\/www.lekker.de\/energieladen\/wp-content\/uploads\/2017\/09\/lekker_Energie_Lichterfeste_2018-776x1080.jpg 776w, https:\/\/www.lekker.de\/energieladen\/wp-content\/uploads\/2017\/09\/lekker_Energie_Lichterfeste_2018-121x168.jpg 121w, https:\/\/www.lekker.de\/energieladen\/wp-content\/uploads\/2017\/09\/lekker_Energie_Lichterfeste_2018-768x1069.jpg 768w, https:\/\/www.lekker.de\/energieladen\/wp-content\/uploads\/2017\/09\/lekker_Energie_Lichterfeste_2018.jpg 1368w\" sizes=\"(max-width: 776px) 100vw, 776px\" \/><\/a><figcaption id=\"caption-attachment-1974\" class=\"wp-caption-text\">Lichterfeste 2018 in Deutschland; In vielen St\u00e4dten Deutschlands, darunter Berlin, Hamburg und K\u00f6ln aber auch Halle an der Saale oder Leipzig gibt es jedes Jahr spektakul\u00e4re Lichtfestivals in der Stadt. Wir zeigen wo und wann sie stattfinden. \u2013 <a href=\"https:\/\/www.lekker.de\/energieladen\/wp-content\/uploads\/2018\/06\/lekker_Energie_Lichterfeste_2018.pdf\">Download PDF<\/a><\/figcaption><\/figure>\n<\/body>","protected":false},"excerpt":{"rendered":"<p>Gegen Ende des Sommers finden in vielen St\u00e4dten Deutschlands Lichterfeste statt. Geb\u00e4ude und Stra\u00dfen h\u00fcllen sich in stimmungsvolles Licht und in manchen Orten ziehen Menschen mit Lampions umher. \u00dcberblick \u00fcber die besten Lichterfeste 2018 in Deutschland.<\/p>\n","protected":false},"author":13,"featured_media":763,"comment_status":"open","ping_status":"open","sticky":false,"template":"","format":"standard","meta":{"_acf_changed":false,"footnotes":""},"categories":[9],"tags":[27,31,43],"class_list":["post-750","post","type-post","status-publish","format-standard","has-post-thumbnail","hentry","category-hauspost","tag-energie","tag-inspiration","tag-stadt"],"acf":[],"_links":{"self":[{"href":"https:\/\/www.lekker.de\/energieladen\/wp-json\/wp\/v2\/posts\/750","targetHints":{"allow":["GET"]}}],"collection":[{"href":"https:\/\/www.lekker.de\/energieladen\/wp-json\/wp\/v2\/posts"}],"about":[{"href":"https:\/\/www.lekker.de\/energieladen\/wp-json\/wp\/v2\/types\/post"}],"author":[{"embeddable":true,"href":"https:\/\/www.lekker.de\/energieladen\/wp-json\/wp\/v2\/users\/13"}],"replies":[{"embeddable":true,"href":"https:\/\/www.lekker.de\/energieladen\/wp-json\/wp\/v2\/comments?post=750"}],"version-history":[{"count":0,"href":"https:\/\/www.lekker.de\/energieladen\/wp-json\/wp\/v2\/posts\/750\/revisions"}],"wp:featuredmedia":[{"embeddable":true,"href":"https:\/\/www.lekker.de\/energieladen\/wp-json\/wp\/v2\/media\/763"}],"wp:attachment":[{"href":"https:\/\/www.lekker.de\/energieladen\/wp-json\/wp\/v2\/media?parent=750"}],"wp:term":[{"taxonomy":"category","embeddable":true,"href":"https:\/\/www.lekker.de\/energieladen\/wp-json\/wp\/v2\/categories?post=750"},{"taxonomy":"post_tag","embeddable":true,"href":"https:\/\/www.lekker.de\/energieladen\/wp-json\/wp\/v2\/tags?post=750"}],"curies":[{"name":"wp","href":"https:\/\/api.w.org\/{rel}","templated":true}]}}