{"id":5595,"date":"2026-04-24T12:17:22","date_gmt":"2026-04-24T10:17:22","guid":{"rendered":"https:\/\/www.lekker.de\/energieladen\/?p=5595"},"modified":"2026-04-24T12:27:41","modified_gmt":"2026-04-24T10:27:41","slug":"warum-steigen-die-gaspreise","status":"publish","type":"post","link":"https:\/\/www.lekker.de\/energieladen\/warum-steigen-die-gaspreise\/","title":{"rendered":"Warum steigen die Gaspreise? Ursachen einfach erkl\u00e4rt"},"content":{"rendered":"<body><p>Die Gaspreise steigen \u2013 und vieles spricht daf\u00fcr, dass sich dieser Trend langfristig eher fortsetzt als umkehrt. Aber warum ist das so? Liegt es nur an der Weltpolitik \u2013 oder steckt mehr dahinter? Die kurze Antwort: Es sind mehrere Faktoren, die gleichzeitig wirken \u2013 und einige davon sprechen daf\u00fcr, dass Gas tendenziell teurer wird.<\/p>\n\n\n\n<h2 class=\"wp-block-heading\">Woraus besteht der Gaspreis?<\/h2>\n\n\n\n<p>Der Gaspreis f\u00fcr Haushalte setzt sich aus drei Hauptbestandteilen zusammen:<\/p>\n\n\n\n<p>\u00b7 Beschaffung und Vertrieb<\/p>\n\n\n\n<p>\u00b7 Netzentgelte (Kosten f\u00fcr das Gasnetz)<\/p>\n\n\n\n<p>\u00b7 Steuern und Abgaben<\/p>\n\n\n\n<p>Besonders relevant aktuell: die Netzentgelte.<\/p>\n\n\n\n<h2 class=\"wp-block-heading\">Warum steigen die Gaspreise aktuell?<\/h2>\n\n\n\n<p>Die steigenden Gaspreise haben mehrere Ursachen \u2013 und einige davon sind strukturell, also nicht kurzfristig.<\/p>\n\n\n\n<h3 class=\"wp-block-heading\">1.<strong> <\/strong>Unsichere Gasimporte und geopolitische Lage<\/h3>\n\n\n\n<p>Deutschland war, und ist immer noch, stark abh\u00e4ngig von Gasimporten. Doch geopolitische Spannungen und Konflikte haben gezeigt, wie anf\u00e4llig dieses System ist. Die Folge: mehr Unsicherheit, mehr Abh\u00e4ngigkeit \u2013 und potenziell h\u00f6here Preise.<\/p>\n\n\n\n<h3 class=\"wp-block-heading\">2. Weniger Nutzer, gleiche Kosten<\/h3>\n\n\n\n<p>Gasnetze m\u00fcssen weiterhin betrieben werden \u2013 egal, wie viele Haushalte sie nutzen. Gleichzeitig passiert Folgendes:<\/p>\n\n\n\n<p>\u00b7 Immer mehr Menschen steigen auf Alternativen wie W\u00e4rmepumpen um.<\/p>\n\n\n\n<p>\u00b7 Die Gesamt-Infrastrukturkosten f\u00fcr das Netz bleiben bestehen.<\/p>\n\n\n\n<p>Ergebnis: Die Kosten verteilen sich auf weniger Haushalte. Einfache Rechnung: Der Preis pro Haushalt eher steigt.<\/p>\n\n\n\n<h3 class=\"wp-block-heading\">3. Steigende Netzentgelte<\/h3>\n\n\n\n<p>Netzentgelte decken die Kosten f\u00fcr Betrieb, Wartung und Sicherheit. Da diese Kosten gr\u00f6\u00dftenteils fix sind, k\u00f6nnen sie bei sinkender Nutzung steigen. Genau hier liegt ein zentraler Treiber f\u00fcr zuk\u00fcnftige Preisentwicklungen.<\/p>\n\n\n\n<h3 class=\"wp-block-heading\">4. KANU 2.0: Anpassung an die Zukunft<\/h3>\n\n\n\n<p>Mit KANU 2.0 hat die Bundesnetzagentur eine Regelung geschaffen, die es erm\u00f6glicht:<\/p>\n\n\n\n<p>\u00b7 Gasnetze schneller abzuschreiben<\/p>\n\n\n\n<p>\u00b7 Investitionen fr\u00fcher zu refinanzieren<\/p>\n\n\n\n<p>Das bedeutet: Kosten k\u00f6nnen fr\u00fcher \u00fcber Netzentgelte weitergegeben werden. Der Hintergrund: Die Nutzung der Gasnetze wird langfristig zur\u00fcckgehen \u2013 darauf wird jetzt reagiert.<\/p>\n\n\n\n<figure class=\"wp-block-embed is-type-video is-provider-youtube wp-block-embed-youtube wp-embed-aspect-9-16 wp-has-aspect-ratio\"><div class=\"wp-block-embed__wrapper\">\n<div class=\"youtube-placeholder\" data-youtube-id=\"-Xzh39KQvUA?feature=oembed\">\n    <div class=\"uc-embedding-wrapper\">\n        <p class=\"h3\"><i class=\"bi bi-youtube\"><\/i> Wir ben\u00f6tigen Ihre Zustimmung, um hier Videos anzuzeigen!<\/p>\n        <p class=\"beschreibung-text\">Wir benutzen YouTube als Drittanbietersoftware, um Ihnen an dieser Stelle Videos pr\u00e4sentieren zu k\u00f6nnen. Mit Klick auf \"Akzeptieren\" stimmen Sie der Datenverarbeitung durch YouTube zu.<\/p>\n        <div class=\"uc-embedding-buttons\">\n            <!-- __ucCmp.showServiceDetails(\"BJz7qNsdj-7\") --->\n            <button ontouchstart=\"__ucCmp.showServiceDetails('BJz7qNsdj-7')\" onclick=\"__ucCmp.showServiceDetails('BJz7qNsdj-7')\" class=\"uc-embedding-more-info\"><i class=\"bi bi-info-circle\"><\/i> Mehr Information<\/button>\n            <!-- UC_UI.showSecondLayer('BJz7qNsdj-7'); -->\n            <button ontouchstart=\"__ucCmp.updateServicesConsents([{id: 'BJz7qNsdj-7', consent: true}]); __ucCmp.saveConsents();\" onclick=\"__ucCmp.updateServicesConsents([{id: 'BJz7qNsdj-7', consent: true}]); __ucCmp.saveConsents();\" class=\"uc-embedding-accept\"><i class=\"bi bi-check2-circle\"><\/i> Akzeptieren<\/button>\n        <\/div>\n        <span><\/span>\n    <\/div>\n<\/div>\n<\/div><\/figure>\n\n\n\n<h2 class=\"wp-block-heading\">Warum sich das Energiesystem ver\u00e4ndert?<\/h2>\n\n\n\n<p>Deutschland baut seine Energieversorgung um \u2013 Schritt f\u00fcr Schritt. Ziele sind unter anderem:<\/p>\n\n\n\n<p>\u00b7 weniger Abh\u00e4ngigkeit von Importen<\/p>\n\n\n\n<p>\u00b7 mehr Versorgungssicherheit<\/p>\n\n\n\n<p>\u00b7 Ausbau erneuerbarer Energien<\/p>\n\n\n\n<p>Dieser Umbau l\u00e4uft \u00fcber Jahre \u2013 beeinflusst aber schon heute Preise und Strukturen.<\/p>\n\n\n\n<h2 class=\"wp-block-heading\">Was bedeutet das f\u00fcr dich?<\/h2>\n\n\n\n<p>Kurz gesagt: Wenn weniger Menschen Gas nutzen und gleichzeitig Kosten bestehen bleiben kann Gas f\u00fcr einzelne Haushalte teurer werden. Und genau deshalb gehen viele Expert:innen davon aus, dass Gaspreise tendenziell steigen k\u00f6nnen \u2013 auch unabh\u00e4ngig von kurzfristigen Marktschwankungen.<\/p>\n\n\n\n<p><strong>Unser Tipp: Fr\u00fch informieren<\/strong>. Schau dir die kommunale W\u00e4rmeplanung deiner Stadt an. Dort erf\u00e4hrst du\u2026<\/p>\n\n\n\n<p>\u00b7 \u2026ob ein W\u00e4rmenetz geplant ist.<\/p>\n\n\n\n<p>\u00b7 \u2026welche Alternativen f\u00fcr dich infrage kommen.<\/p>\n\n\n\n<p>Wer fr\u00fch Bescheid wei\u00df, kann bessere Entscheidungen treffen.<\/p>\n\n\n\n<h2 class=\"wp-block-heading\">Und was ist mit Mieter:innen?<\/h2>\n\n\n\n<p>Viele Mieter:innen k\u00f6nnen ihre Heizl\u00f6sung nicht selbst w\u00e4hlen \u2013 und sind damit besonders von Preisentwicklungen betroffen. Klar ist: Auch hier spielen steigende Kosten eine Rolle. Was Mieter:innen konkret tun k\u00f6nnen und welche Rechte und M\u00f6glichkeiten es gibt, hat sich Maren in einem Videobeitrag mal genauer angeschaut.<\/p>\n\n\n\n<figure class=\"wp-block-embed is-type-video is-provider-youtube wp-block-embed-youtube wp-embed-aspect-9-16 wp-has-aspect-ratio\"><div class=\"wp-block-embed__wrapper\">\n<div class=\"youtube-placeholder\" data-youtube-id=\"hfRh1f41uJQ?feature=oembed\">\n    <div class=\"uc-embedding-wrapper\">\n        <p class=\"h3\"><i class=\"bi bi-youtube\"><\/i> Wir ben\u00f6tigen Ihre Zustimmung, um hier Videos anzuzeigen!<\/p>\n        <p class=\"beschreibung-text\">Wir benutzen YouTube als Drittanbietersoftware, um Ihnen an dieser Stelle Videos pr\u00e4sentieren zu k\u00f6nnen. Mit Klick auf \"Akzeptieren\" stimmen Sie der Datenverarbeitung durch YouTube zu.<\/p>\n        <div class=\"uc-embedding-buttons\">\n            <!-- __ucCmp.showServiceDetails(\"BJz7qNsdj-7\") --->\n            <button ontouchstart=\"__ucCmp.showServiceDetails('BJz7qNsdj-7')\" onclick=\"__ucCmp.showServiceDetails('BJz7qNsdj-7')\" class=\"uc-embedding-more-info\"><i class=\"bi bi-info-circle\"><\/i> Mehr Information<\/button>\n            <!-- UC_UI.showSecondLayer('BJz7qNsdj-7'); -->\n            <button ontouchstart=\"__ucCmp.updateServicesConsents([{id: 'BJz7qNsdj-7', consent: true}]); __ucCmp.saveConsents();\" onclick=\"__ucCmp.updateServicesConsents([{id: 'BJz7qNsdj-7', consent: true}]); __ucCmp.saveConsents();\" class=\"uc-embedding-accept\"><i class=\"bi bi-check2-circle\"><\/i> Akzeptieren<\/button>\n        <\/div>\n        <span><\/span>\n    <\/div>\n<\/div>\n<\/div><\/figure>\n\n\n\n<h2 class=\"wp-block-heading\">Zusammenfassung und Fazit<\/h2>\n\n\n\n<p><strong>Warum wird Gas teurer?<\/strong><\/p>\n\n\n\n<p>Gas wird teurer durch eine Kombination aus geopolitischen Faktoren, steigenden Netzentgelten und sinkender Nutzung der Infrastruktur.<\/p>\n\n\n\n<p><strong>Werden die Gaspreise weiter steigen?<\/strong><\/p>\n\n\n\n<p>Eine sichere Prognose gibt es nicht. Viele strukturelle Entwicklungen sprechen jedoch deutlich daf\u00fcr, dass Gas langfristig eher teurer werden kann.<\/p>\n\n\n\n<p><strong>Was kann ich tun?<\/strong><\/p>\n\n\n\n<p>Informiere dich \u00fcber Alternativen und die W\u00e4rmeplanung deiner Kommune, um fr\u00fchzeitig vorbereitet zu sein.<\/p>\n\n\n\n<p><\/p>\n<\/body>","protected":false},"excerpt":{"rendered":"<p>Die Gaspreise steigen \u2013 und vieles spricht daf\u00fcr, dass sich dieser Trend langfristig eher fortsetzt als umkehrt. Aber warum ist das so? Liegt es nur an der Weltpolitik \u2013 oder steckt mehr dahinter? Die kurze Antwort: Es sind mehrere Faktoren, die gleichzeitig wirken \u2013 und einige davon sprechen daf\u00fcr, dass Gas tendenziell teurer wird. Woraus [&hellip;]<\/p>\n","protected":false},"author":11,"featured_media":5597,"comment_status":"open","ping_status":"open","sticky":false,"template":"","format":"standard","meta":{"_acf_changed":false,"footnotes":""},"categories":[5],"tags":[27,2185,41],"class_list":["post-5595","post","type-post","status-publish","format-standard","has-post-thumbnail","hentry","category-unter-strom","tag-energie","tag-gaspreis","tag-zuhause"],"acf":[],"_links":{"self":[{"href":"https:\/\/www.lekker.de\/energieladen\/wp-json\/wp\/v2\/posts\/5595","targetHints":{"allow":["GET"]}}],"collection":[{"href":"https:\/\/www.lekker.de\/energieladen\/wp-json\/wp\/v2\/posts"}],"about":[{"href":"https:\/\/www.lekker.de\/energieladen\/wp-json\/wp\/v2\/types\/post"}],"author":[{"embeddable":true,"href":"https:\/\/www.lekker.de\/energieladen\/wp-json\/wp\/v2\/users\/11"}],"replies":[{"embeddable":true,"href":"https:\/\/www.lekker.de\/energieladen\/wp-json\/wp\/v2\/comments?post=5595"}],"version-history":[{"count":8,"href":"https:\/\/www.lekker.de\/energieladen\/wp-json\/wp\/v2\/posts\/5595\/revisions"}],"predecessor-version":[{"id":5609,"href":"https:\/\/www.lekker.de\/energieladen\/wp-json\/wp\/v2\/posts\/5595\/revisions\/5609"}],"wp:featuredmedia":[{"embeddable":true,"href":"https:\/\/www.lekker.de\/energieladen\/wp-json\/wp\/v2\/media\/5597"}],"wp:attachment":[{"href":"https:\/\/www.lekker.de\/energieladen\/wp-json\/wp\/v2\/media?parent=5595"}],"wp:term":[{"taxonomy":"category","embeddable":true,"href":"https:\/\/www.lekker.de\/energieladen\/wp-json\/wp\/v2\/categories?post=5595"},{"taxonomy":"post_tag","embeddable":true,"href":"https:\/\/www.lekker.de\/energieladen\/wp-json\/wp\/v2\/tags?post=5595"}],"curies":[{"name":"wp","href":"https:\/\/api.w.org\/{rel}","templated":true}]}}