{"id":4734,"date":"2023-09-08T14:23:01","date_gmt":"2023-09-08T12:23:01","guid":{"rendered":"https:\/\/www.lekker.de\/energieladen\/?p=4734"},"modified":"2023-09-12T13:35:50","modified_gmt":"2023-09-12T11:35:50","slug":"solaranlagen-mit-wallboxen-neues-bundesfoerderprogramm","status":"publish","type":"post","link":"https:\/\/www.lekker.de\/energieladen\/solaranlagen-mit-wallboxen-neues-bundesfoerderprogramm\/","title":{"rendered":"Solaranlagen mit Wallboxen: Neues Bundesf\u00f6rderprogramm ab September 2023"},"content":{"rendered":"<body><p>Dieses neue F\u00f6rderprogramm ist spannend f\u00fcr alle Hausbesitzer, die mit dem Gedanken spielen ein E-Auto anzuschaffen und ihr Haus fit f\u00fcr die Energiewende zu machen. Das Bundesministerium f\u00fcr Digitales und Verkehr plant ein <strong>ambitioniertes F\u00f6rderprogramm im Wert von 500 Millionen Euro<\/strong>, um die private Nutzung von Solarstrom in Verbindung mit Elektrofahrzeugen zu unterst\u00fctzen. Ab Ende September 2023 wird dieses Programm f\u00fcr Eigenheimbesitzer verf\u00fcgbar sein und die<strong> Installation von Solaranlagen, Wallboxen und Stromspeichern<\/strong> f\u00f6rdern. Die Voraussetzung f\u00fcr die F\u00f6rderung ist, dass das Elektrofahrzeug in der Lage ist, Sonnenstrom zu nutzen, was nicht nur kosteng\u00fcnstig, sondern auch umweltfreundlich ist.<\/p>\n\n\n\n<p>Da die \u00fcberwiegende Mehrheit der Ladevorg\u00e4nge inzwischen zu Hause oder am Arbeitsplatz stattfindet, zielt diese Ma\u00dfnahme darauf ab, Elektrofahrzeuge noch attraktiver zu machen und die individuelle Mobilit\u00e4t nachhaltiger zu gestalten.<\/p>\n\n\n\n<h2 class=\"wp-block-heading\">Hier sind die wichtigen Details zum F\u00f6rderprogramm:<\/h2>\n\n\n\n<ul class=\"wp-block-list\">\n<li>Eigenheimbesitzer k\u00f6nnen bei der KfW einen Investitionszuschuss von <strong>bis zu 10.200 Euro<\/strong> beantragen, wenn sie eine Photovoltaikanlage in Verbindung mit einer Wallbox und einem Batteriespeicher installieren und ein eigenes Elektroauto besitzen oder verbindlich bestellen.<\/li>\n\n\n\n<li>Die H\u00f6he der F\u00f6rderung variiert je nach Komponente: <strong>Wallboxen mit mindestens 11 kW Leistung erhalten eine pauschale F\u00f6rderung von 600 Euro (oder 1.200 Euro bei bidirektionaler Ladef\u00e4higkeit)<\/strong>. <strong>Photovoltaikanlagen mit mindestens 5 kWp Spitzenleistung werden mit 600 Euro pro kWp gef\u00f6rdert (maximal 6.000 Euro), und Solarstromspeicher mit mindestens 5 kWh Kapazit\u00e4t erhalten 250 Euro pro kWh (maximal 3.000 Euro).<\/strong><\/li>\n\n\n\n<li>Die F\u00f6rderung gilt auch f\u00fcr Leasingfahrzeuge mit einer Mindestlaufzeit von 12 Monaten, sofern sie ausschlie\u00dflich elektrisch betrieben werden. Firmenwagen und Hybridfahrzeuge sind jedoch nicht f\u00f6rderf\u00e4hig.<\/li>\n\n\n\n<li>Ein Energiemanagement-System zur Steuerung der Anlage und ein vorhandenes oder verbindlich bestelltes Elektroauto sind ebenfalls Voraussetzungen f\u00fcr die F\u00f6rderung.<\/li>\n\n\n\n<li>Die Komponenten d\u00fcrfen zum Zeitpunkt des Antrags noch nicht bestellt sein, und r\u00fcckwirkende F\u00f6rderungen sind ausgeschlossen.<\/li>\n<\/ul>\n\n\n\n<p>Die Kombination dieser Komponenten und ihre Steuerung durch ein Energiemanagement-System sollen dazu beitragen, den Klimaschutz im Verkehrssektor zu f\u00f6rdern, die Stabilit\u00e4t des Stromnetzes zu erh\u00f6hen und die Abh\u00e4ngigkeit von Strompreisschwankungen zu verringern.<\/p>\n\n\n\n<p>Ab dem 26. September 2023 k\u00f6nnen Antr\u00e4ge bei der KfW digital gestellt werden, vorausgesetzt, ein Elektroauto ist im Haushalt vorhanden oder verbindlich bestellt. Die Genehmigung muss vor der Bestellung der Komponenten erfolgen.<\/p>\n\n\n\n<p>Ab M\u00e4rz 2024 sind Nachweise \u00fcber die Durchf\u00fchrung erforderlich, die im KfW-Kundenportal hochgeladen werden m\u00fcssen, um den Zuschuss zu erhalten.<\/p>\n\n\n\n<p>Weitere Infos gibt es auf der Seite des <a href=\"https:\/\/bmdv.bund.de\/SharedDocs\/DE\/Pressemitteilungen\/2023\/086-wissing-selbst-erzeugter-stromfuer-elektrofahrzeuge.html\" target=\"_blank\" rel=\"external noreferrer noopener\">BMDV<\/a>.<\/p>\n<\/body>","protected":false},"excerpt":{"rendered":"<p>Dieses neue F\u00f6rderprogramm ist spannend f\u00fcr alle Hausbesitzer, die mit dem Gedanken spielen ein E-Auto anzuschaffen und ihr Haus fit f\u00fcr die Energiewende zu machen. Das Bundesministerium f\u00fcr Digitales und Verkehr plant ein ambitioniertes F\u00f6rderprogramm im Wert von 500 Millionen Euro, um die private Nutzung von Solarstrom in Verbindung mit Elektrofahrzeugen zu unterst\u00fctzen. Ab Ende [&hellip;]<\/p>\n","protected":false},"author":11,"featured_media":4738,"comment_status":"closed","ping_status":"open","sticky":false,"template":"","format":"standard","meta":{"_acf_changed":false,"footnotes":""},"categories":[5],"tags":[2049,27,2063,2051,36,601,39,21,2129],"class_list":["post-4734","post","type-post","status-publish","format-standard","has-post-thumbnail","hentry","category-unter-strom","tag-elektromobilitaet","tag-energie","tag-energiewende","tag-foerderung","tag-nachhaltigkeit","tag-oekostrom","tag-sparen","tag-umwelt","tag-wallbox"],"acf":[],"_links":{"self":[{"href":"https:\/\/www.lekker.de\/energieladen\/wp-json\/wp\/v2\/posts\/4734","targetHints":{"allow":["GET"]}}],"collection":[{"href":"https:\/\/www.lekker.de\/energieladen\/wp-json\/wp\/v2\/posts"}],"about":[{"href":"https:\/\/www.lekker.de\/energieladen\/wp-json\/wp\/v2\/types\/post"}],"author":[{"embeddable":true,"href":"https:\/\/www.lekker.de\/energieladen\/wp-json\/wp\/v2\/users\/11"}],"replies":[{"embeddable":true,"href":"https:\/\/www.lekker.de\/energieladen\/wp-json\/wp\/v2\/comments?post=4734"}],"version-history":[{"count":6,"href":"https:\/\/www.lekker.de\/energieladen\/wp-json\/wp\/v2\/posts\/4734\/revisions"}],"predecessor-version":[{"id":4747,"href":"https:\/\/www.lekker.de\/energieladen\/wp-json\/wp\/v2\/posts\/4734\/revisions\/4747"}],"wp:featuredmedia":[{"embeddable":true,"href":"https:\/\/www.lekker.de\/energieladen\/wp-json\/wp\/v2\/media\/4738"}],"wp:attachment":[{"href":"https:\/\/www.lekker.de\/energieladen\/wp-json\/wp\/v2\/media?parent=4734"}],"wp:term":[{"taxonomy":"category","embeddable":true,"href":"https:\/\/www.lekker.de\/energieladen\/wp-json\/wp\/v2\/categories?post=4734"},{"taxonomy":"post_tag","embeddable":true,"href":"https:\/\/www.lekker.de\/energieladen\/wp-json\/wp\/v2\/tags?post=4734"}],"curies":[{"name":"wp","href":"https:\/\/api.w.org\/{rel}","templated":true}]}}