{"id":3571,"date":"2020-11-24T10:45:25","date_gmt":"2020-11-24T09:45:25","guid":{"rendered":"https:\/\/www.lekker.de\/energieladen\/?p=3571"},"modified":"2020-11-27T18:09:43","modified_gmt":"2020-11-27T17:09:43","slug":"stromrechnung-mehr-stromverbrauch-durch-corona-und-home-office","status":"publish","type":"post","link":"https:\/\/www.lekker.de\/energieladen\/stromrechnung-mehr-stromverbrauch-durch-corona-und-home-office\/","title":{"rendered":"Stromrechnung: Mehr Stromverbrauch durch Corona und Home-Office?"},"content":{"rendered":"<body><p>Seit dem Beginn der Corona-Pandemie im Fr\u00fchjahr 2020 arbeiten zahlreiche Berufst\u00e4tige nun im Home-Office. Mit allen Vor- und Nachteilen ist das <strong>Arbeiten von zu Hause zum Normalfall geworden.<\/strong> Aber was bedeutet das eigentlich f\u00fcr die privaten <a href=\"https:\/\/www.lekker.de\/energieladen\/abschlagszahlung-stromrechnung-richtig-verstehen\/\"><u>Stromrechnung<\/u><\/a>? Wie steigen die Stromkosten in der Coronazeit?<\/p>\n<p>Die Menschen sind in der Corona-Pandemie angehalten, das soziale Leben auf wenige Kontakte zu beschr\u00e4nken. Das bedeutet: zu Hause bleiben! Wenn nun Berufst\u00e4tige mit Laptop Tag f\u00fcr Tag daheimsitzen und zudem Jugendliche, Schul- bzw. Kindergartenkinder mehr Zeit zu Hause verbringen, wird im Haushalt mehr Strom verbraucht. <strong>Durch Corona steigen die Stromkosten.<\/strong> Eigentlich logisch.<\/p>\n<p>Aber wie hoch ist der Mehrverbrauch an Strom? Welche Ger\u00e4te sind es, die den Stromverbrauch ansteigen lassen? Wo sind die neuen Stromfresser in einem Haushalt zu Coronazeiten? <strong>Wir wollten uns <\/strong><strong>mal ganz genau ansehen, wie sich der Stromverbrauch in einem Musterhaushalt durch Corona ver\u00e4ndert hat.<\/strong><\/p>\n<p>\u00a0<\/p>\n<h2>Das Experiment: Wie viel Strom verbraucht Familie Schmitz?<\/h2>\n<p>Um herauszufinden, wie sich der Stromverbrauch durch Corona ver\u00e4ndert, haben wir uns <strong>exemplarisch einen 4-Personen-Haushalt<\/strong> angeschaut.<\/p>\n<p>In unserem Musterhaushalt lebt Familie Schmitz mit vier Personen. D\u00fcrfen wir vorstellen? Heinz (55 Jahre) und Karin (53 Jahre) mit ihrem Sohn Tim (22 Jahre) und der j\u00fcngeren Schwester Lina (20 Jahre). Alle vier sind berufst\u00e4tig. Karin arbeitet halbtags. Dreieinhalb Personen w\u00e4ren also in einem ganz normalen Jahr tags\u00fcber nicht zu Hause. Durch Corona sitzen nun Heinz und Lina tippend, klickend und videokonferenzend im heimischen Arbeitszimmer, statt in den B\u00fcros ihrer Arbeitgeber.<\/p>\n<h2>Der Stromvergleich: Stromverbrauch ist durch Corona gestiegen<\/h2>\n<p>Um die Entwicklung des Stromverbrauchs im Haushalt von Familie Schmitz nachvollziehen zu k\u00f6nnen, haben wir den Stromverbrauch von sechs Monaten im Coronajahr 2020 (April 2020 bis September 2020) mit den gleichen Monaten aus 2019 (auch April bis September) verglichen. Das Resultat: Verbrauchte die Familie 2019 noch 2.143 Kilowattstunden (kWh) Strom, so liegt der Stromverbrauch in den Testmonaten von 2020 bei 2.810 kWh.<\/p>\n<figure id=\"attachment_3576\" aria-describedby=\"caption-attachment-3576\" style=\"width: 445px\" class=\"wp-caption aligncenter\"><img decoding=\"async\" class=\" wp-image-3576\" src=\"https:\/\/www.lekker.de\/energieladen\/wp-content\/uploads\/2020\/11\/lekker_Bloggrafik_Stromverbrauch_Haushalt_2x.jpg\" alt=\"H\u00f6herer Stromverbrauch durch Corona - Entwicklung eines 4-Personen-Musterhaushalts\" width=\"445\" height=\"251\" title=\"\" srcset=\"https:\/\/www.lekker.de\/energieladen\/wp-content\/uploads\/2020\/11\/lekker_Bloggrafik_Stromverbrauch_Haushalt_2x.jpg 1860w, https:\/\/www.lekker.de\/energieladen\/wp-content\/uploads\/2020\/11\/lekker_Bloggrafik_Stromverbrauch_Haushalt_2x-298x168.jpg 298w, https:\/\/www.lekker.de\/energieladen\/wp-content\/uploads\/2020\/11\/lekker_Bloggrafik_Stromverbrauch_Haushalt_2x-768x433.jpg 768w\" sizes=\"(max-width: 445px) 100vw, 445px\" \/><figcaption id=\"caption-attachment-3576\" class=\"wp-caption-text\">H\u00f6herer Stromverbrauch durch Corona \u2013 Entwicklung eines 4-Personen-Musterhaushalts<\/figcaption><\/figure>\n<p>Das Ergebnis ist wenig \u00fcberraschend. Der Stromz\u00e4hler l\u00fcgt schlie\u00dflich nicht. <strong>666 Kilowattstunden (kWh) Strom hat Familie Schmitz in den sechs Monaten des Corona-Jahres mehr verbraucht.<\/strong> Wir verzeichnen eine beachtliche <strong>Steigerung von 31%.\u00a0<\/strong>Das sind grob gerechnet \u00fcber 200 \u20ac mehr Belastung f\u00fcr die Haushaltskasse der Schmitzens.<\/p>\n<p>Ber\u00fccksichtigen m\u00fcsste man hier noch, dass bisher keine \u201ekalten Monate\u201c betrachtet werden konnten. <strong>Der Winter kommt erst noch und wird den Stromverbrauch vermutlich noch etwas weiter klettern lassen.<\/strong> Schlie\u00dflich sind die Sommermonate nicht so energieintensiv. Das sch\u00f6ne Wetter l\u00e4dt ein, drau\u00dfen zu verweilen. Sogar das Reisen war, wenn auch eingeschr\u00e4nkt, im Sommer 2020 wieder m\u00f6glich. Die Familie war 1,5 Wochen nicht zu Hause.<\/p>\n<h2><\/h2>\n<h2>Wo sind die Stromfresser?<\/h2>\n<p>Dass der Stromverbrauch von Familie Schmitz steigt, war vorhersehbar. Spannend ist jedoch die Frage, <strong>WO sich der Stromverbrauch im Haushalt ver\u00e4ndert hat. Welche Haushaltsger\u00e4te sind die Stromschlucker?<\/strong><\/p>\n<h3>Stromverbrauch im Home-Office: stromsparender als erwartet<\/h3>\n<p>V\u00f6llig klar ist, dass der Stromverbrauch im Arbeitszimmer gestiegen ist. Schlie\u00dflich z\u00e4hlten Laptops und Monitore vor Corona nicht zu den st\u00e4ndig laufenden Haushaltsger\u00e4ten im Hause Schmitz. Allerdings ist das Homeoffice nicht der gro\u00dfe Treiber des Stromverbrauchs. <strong>Die Steigerung ist zwar sichtbar, aber verglichen mit anderen Bereichen des Haushalts eher gering.<\/strong> Das hatten wir so nicht erwartet. Insbesondere, weil Laptops und Monitore jeden Tag f\u00fcr viele Stunden in Betrieb sind, hatten wir mit einem gr\u00f6\u00dferen Verbrauchsschub gerechnet. Was hier deutlich wird: Familie Schmitz\u2018 sehr moderne und daher energiesparende Arbeitsger\u00e4te.<\/p>\n<figure id=\"attachment_3577\" aria-describedby=\"caption-attachment-3577\" style=\"width: 523px\" class=\"wp-caption aligncenter\"><img decoding=\"async\" class=\" wp-image-3577\" src=\"https:\/\/www.lekker.de\/energieladen\/wp-content\/uploads\/2020\/11\/lekker_Blog_Stromverbrauch_Veraenderung_2x.jpg\" alt=\"H\u00f6herer Stromverbrauch durch Corona - Ver\u00e4nderung des Stromverbrauchs verschiedener Ger\u00e4te eines 4-Personen-Musterhaushalts\" width=\"523\" height=\"517\" title=\"\" srcset=\"https:\/\/www.lekker.de\/energieladen\/wp-content\/uploads\/2020\/11\/lekker_Blog_Stromverbrauch_Veraenderung_2x.jpg 1860w, https:\/\/www.lekker.de\/energieladen\/wp-content\/uploads\/2020\/11\/lekker_Blog_Stromverbrauch_Veraenderung_2x-170x168.jpg 170w, https:\/\/www.lekker.de\/energieladen\/wp-content\/uploads\/2020\/11\/lekker_Blog_Stromverbrauch_Veraenderung_2x-768x758.jpg 768w, https:\/\/www.lekker.de\/energieladen\/wp-content\/uploads\/2020\/11\/lekker_Blog_Stromverbrauch_Veraenderung_2x-1094x1080.jpg 1094w\" sizes=\"(max-width: 523px) 100vw, 523px\" \/><figcaption id=\"caption-attachment-3577\" class=\"wp-caption-text\">H\u00f6herer Stromverbrauch durch Corona \u2013 Ver\u00e4nderung des Stromverbrauchs verschiedener Ger\u00e4te eines 4-Personen-Musterhaushalts<\/figcaption><\/figure>\n<h3>Waschen: erstaunlich bequem<\/h3>\n<p>Die Waschmaschine ist ebenfalls kein Corona-Stromfresser. Im Gegenteil. Offenbar wird zu Coronazeiten nicht mehr in der H\u00e4ufigkeit gewaschen. <strong>25% weniger Stromverbrauch als im Vergleich zu 2019.<\/strong> Das ist in der Deutlichkeit schon \u00fcberraschend, aber auch ein bisschen nachvollziehbar. Wenn du schon notgedrungen zu Hause bleiben musst, soll es wenigstens bequemer sein als im Business-Dress. Und sind wir doch mal ehrlich. Die Jogginghose kann man am Schreibtisch auch mal einen zweiten und dritten Tag hintereinander anziehen. \ud83d\ude42<\/p>\n<h3>Kochen, backen, sp\u00fclen: Die K\u00fcche macht Dampf<\/h3>\n<p><strong>Hier haben wir sie gefunden, die Stromtreiber! Es sind die Ger\u00e4te in der K\u00fcche.<\/strong> <strong>Der Stromverbrauch des E-Herds ist um 60 % gestiegen. Der Backofen hat eine Steigerung von 67 % zu verbuchen.<\/strong>\u00a0Seit Ausbruch der Pandemie wird im Hause Schmitz mehr Wert auf die Zubereitung des Essens gelegt. Man trifft sich dort seit Corona nicht nur zum gemeinschaftlichen Abendessen, sondern isst morgens, mittags und abends. Restaurantbesuche fallen zudem aus, bzw. sind stark eingeschr\u00e4nkt. Und irgendwie muss das ganze Geschirr ja auch wieder sauber werden. <strong>Die Sp\u00fclmaschine ist daher mit 125 % mehr Stromverbrauch der absolute Spitzenreiter<\/strong> im Hause Schmitz.\u00a0\u00dcbrigens: <strong>Die Kaffeemaschine wird doppelt so h\u00e4ufig frequentiert.<\/strong> Schlie\u00dflich kann man auch daheim nicht auf einen Energieschub in Form von Koffein verzichten.<\/p>\n<h3>Unver\u00e4nderter Stromverbrauch: Diese Ger\u00e4te lassen sich von Corona nicht beeindrucken<\/h3>\n<p>Andere Ger\u00e4te zeigen beim Stromverbrauch keine auff\u00e4lligen Ausschl\u00e4ge nach oben oder unten. Gemeint sind Elektroger\u00e4te, die einfach kontinuierlich so weiterlaufen wie im Vorjahr: <strong>K\u00fchlschrank und Gefrierschrank<\/strong> zum Beispiel. Ebenso sind <strong>beim Licht keine Auff\u00e4lligkeiten<\/strong> zu verzeichnen. Dass der Fernseher einen gleichen Stromverbrauch wie 2019 hatte, liegt wom\u00f6glich auch daran, dass wir noch keine kalten Monate vergleichen konnten. Das ist eventuell auch einer der Gr\u00fcnde, warum der <strong>Trockner keinen h\u00f6heren Verbrauch<\/strong> hat. Es gab schlie\u00dflich auch weniger W\u00e4sche.<\/p>\n<p>\u00a0<\/p>\n<h2>Was du tun kannst, um weniger f\u00fcr Strom zu bezahlen<\/h2>\n<p>Dass deine Stromrechnung durch die kontinuierliche Anwesenheit aller Haushaltsmitglieder h\u00f6her ausf\u00e4llt, l\u00e4sst sich aufgrund des h\u00f6heren Stromverbrauchs wohl nicht verhindern. Ein Wermutstropfen: <strong><a href=\"https:\/\/www.lekker.de\/energieladen\/stromverbrauch-die-groessten-stromfresser-im-haushalt\/\">Mit diesen <u>Stromspartipps<\/u><\/a>\u00a0kannst du die ein oder andere Kilowattstunde einsparen und ein bisschen gegensteuern.<\/strong><\/p>\n<p>Eine andere M\u00f6glichkeit, bei den Stromkosten Geld einzusparen, ist die Wahl eines g\u00fcnstigeren Stromanbieters. Als lekker Kunde hast du zum Gl\u00fcck bereits einen Stromtarif auf einem niedrigen Preisniveau. <strong>Falls du auch von einem g\u00fcnstigen Strompreis profitieren m\u00f6chtest, kannst du <a href=\"https:\/\/www.lekker.de\"><u>hier deine Ersparnis berechnen.<\/u><\/a><\/strong><\/p>\n<\/body>","protected":false},"excerpt":{"rendered":"<p>Seit dem Beginn der Corona-Pandemie im Fr\u00fchjahr 2020 arbeiten zahlreiche Berufst\u00e4tige nun im Home-Office. Mit allen Vor- und Nachteilen ist das Arbeiten von zu Hause zum Normalfall geworden. Aber was bedeutet das eigentlich f\u00fcr die privaten Stromrechnung? Wie steigen die Stromkosten in der Coronazeit? Die Menschen sind in der Corona-Pandemie angehalten, das soziale Leben auf [&hellip;]<\/p>\n","protected":false},"author":11,"featured_media":3589,"comment_status":"open","ping_status":"open","sticky":false,"template":"","format":"standard","meta":{"_acf_changed":false,"footnotes":""},"categories":[5],"tags":[27,14,1525,1521,41],"class_list":["post-3571","post","type-post","status-publish","format-standard","has-post-thumbnail","hentry","category-unter-strom","tag-energie","tag-strom-sparen","tag-stromtarif","tag-stromverbrauch","tag-zuhause"],"acf":[],"_links":{"self":[{"href":"https:\/\/www.lekker.de\/energieladen\/wp-json\/wp\/v2\/posts\/3571","targetHints":{"allow":["GET"]}}],"collection":[{"href":"https:\/\/www.lekker.de\/energieladen\/wp-json\/wp\/v2\/posts"}],"about":[{"href":"https:\/\/www.lekker.de\/energieladen\/wp-json\/wp\/v2\/types\/post"}],"author":[{"embeddable":true,"href":"https:\/\/www.lekker.de\/energieladen\/wp-json\/wp\/v2\/users\/11"}],"replies":[{"embeddable":true,"href":"https:\/\/www.lekker.de\/energieladen\/wp-json\/wp\/v2\/comments?post=3571"}],"version-history":[{"count":0,"href":"https:\/\/www.lekker.de\/energieladen\/wp-json\/wp\/v2\/posts\/3571\/revisions"}],"wp:featuredmedia":[{"embeddable":true,"href":"https:\/\/www.lekker.de\/energieladen\/wp-json\/wp\/v2\/media\/3589"}],"wp:attachment":[{"href":"https:\/\/www.lekker.de\/energieladen\/wp-json\/wp\/v2\/media?parent=3571"}],"wp:term":[{"taxonomy":"category","embeddable":true,"href":"https:\/\/www.lekker.de\/energieladen\/wp-json\/wp\/v2\/categories?post=3571"},{"taxonomy":"post_tag","embeddable":true,"href":"https:\/\/www.lekker.de\/energieladen\/wp-json\/wp\/v2\/tags?post=3571"}],"curies":[{"name":"wp","href":"https:\/\/api.w.org\/{rel}","templated":true}]}}